{"id":21235,"date":"2026-03-12T10:55:03","date_gmt":"2026-03-12T14:55:03","guid":{"rendered":"https:\/\/www.crmath.ca\/?p=21235"},"modified":"2026-03-17T13:08:08","modified_gmt":"2026-03-17T17:08:08","slug":"international-day-of-mathematics-2026","status":"publish","type":"post","link":"https:\/\/www.crmath.ca\/en\/2026\/03\/12\/international-day-of-mathematics-2026\/","title":{"rendered":"International Day of Mathematics 2026"},"content":{"rendered":"<div class=\"fusion-fullwidth fullwidth-box fusion-builder-row-1 fusion-flex-container nonhundred-percent-fullwidth non-hundred-percent-height-scrolling\" style=\"--link_hover_color: var(--awb-color6);--link_color: var(--awb-color6);--awb-border-sizes-left:0px;--awb-border-sizes-right:0px;--awb-border-color:var(--awb-color3);--awb-border-radius-top-left:0px;--awb-border-radius-top-right:0px;--awb-border-radius-bottom-right:0px;--awb-border-radius-bottom-left:0px;--awb-padding-right:0px;--awb-padding-left:0px;--awb-flex-wrap:wrap;\" ><div class=\"fusion-builder-row fusion-row fusion-flex-align-items-flex-start fusion-flex-content-wrap\" style=\"max-width:1420.64px;margin-left: calc(-4% \/ 2 );margin-right: calc(-4% \/ 2 );\"><div class=\"fusion-layout-column fusion_builder_column fusion-builder-column-0 fusion_builder_column_1_1 1_1 fusion-flex-column\" style=\"--awb-bg-size:cover;--awb-width-large:100%;--awb-margin-top-large:0px;--awb-spacing-right-large:1.92%;--awb-margin-bottom-large:20px;--awb-spacing-left-large:1.92%;--awb-width-medium:100%;--awb-order-medium:0;--awb-spacing-right-medium:1.92%;--awb-spacing-left-medium:1.92%;--awb-width-small:100%;--awb-order-small:0;--awb-spacing-right-small:1.92%;--awb-spacing-left-small:1.92%;\"><div class=\"fusion-column-wrapper fusion-column-has-shadow fusion-flex-justify-content-flex-start fusion-content-layout-column\"><div class=\"fusion-text fusion-text-1\" style=\"--awb-font-size:var(--awb-typography4-font-size);--awb-line-height:var(--awb-typography4-line-height);--awb-letter-spacing:var(--awb-typography4-letter-spacing);--awb-text-transform:var(--awb-typography4-text-transform);--awb-text-color:var(--awb-custom10);--awb-text-font-family:var(--awb-typography4-font-family);--awb-text-font-weight:var(--awb-typography4-font-weight);--awb-text-font-style:var(--awb-typography4-font-style);\"><p>Celebrated every year on March 14, the International Day of Mathematics highlights the creativity and universality of this discipline, promoted worldwide by UNESCO and the International Mathematical Union. On this occasion, our community joins the global festivities by offering a series of accessible and inspiring activities.<\/p>\n<p>On the program\u202f:<\/p>\n<ul>\n<li><a href=\"https:\/\/www.crmath.ca\/en\/activities\/#\/type\/activity\/id\/4086\" target=\"_blank\" rel=\"noopener\">Grande conf\u00e9rence publique du CRM by S\u00e9bastien Labb\u00e9 &#8211; March 12, 2026 at the CRM<\/a><\/li>\n<li><a href=\"https:\/\/www.crmath.ca\/en\/activities\/#\/type\/seminar\/id\/21204\" target=\"_blank\" rel=\"noopener\">Colloque des sciences math\u00e9matiques du Qu\u00e9bec &#8211; March 13, 2026 at the UQAM<\/a><\/li>\n<li><a href=\"https:\/\/actualites.uqam.ca\/2026\/journee-internationale-mathematiques\/\" target=\"_blank\" rel=\"noopener\">More activities organized by the UQAM (in French)<\/a><\/li>\n<\/ul>\n<p><a href=\"https:\/\/www.idm314.org\/\">Consult the full program of events proposed as part of the International Day of Mathematics around the world.<\/a><\/p>\n<p>A wonderful opportunity to celebrate together the vitality of mathematics in all its forms.<\/p>\n<\/div><\/div><\/div><\/div><\/div>\n","protected":false},"excerpt":{"rendered":"","protected":false},"author":16,"featured_media":21239,"comment_status":"closed","ping_status":"closed","sticky":false,"template":"","format":"standard","meta":{"inline_featured_image":false,"footnotes":""},"categories":[30],"tags":[],"class_list":["post-21235","post","type-post","status-publish","format-standard","has-post-thumbnail","hentry","category-uncategorized"],"_links":{"self":[{"href":"https:\/\/www.crmath.ca\/en\/wp-json\/wp\/v2\/posts\/21235","targetHints":{"allow":["GET"]}}],"collection":[{"href":"https:\/\/www.crmath.ca\/en\/wp-json\/wp\/v2\/posts"}],"about":[{"href":"https:\/\/www.crmath.ca\/en\/wp-json\/wp\/v2\/types\/post"}],"author":[{"embeddable":true,"href":"https:\/\/www.crmath.ca\/en\/wp-json\/wp\/v2\/users\/16"}],"replies":[{"embeddable":true,"href":"https:\/\/www.crmath.ca\/en\/wp-json\/wp\/v2\/comments?post=21235"}],"version-history":[{"count":3,"href":"https:\/\/www.crmath.ca\/en\/wp-json\/wp\/v2\/posts\/21235\/revisions"}],"predecessor-version":[{"id":21248,"href":"https:\/\/www.crmath.ca\/en\/wp-json\/wp\/v2\/posts\/21235\/revisions\/21248"}],"wp:featuredmedia":[{"embeddable":true,"href":"https:\/\/www.crmath.ca\/en\/wp-json\/wp\/v2\/media\/21239"}],"wp:attachment":[{"href":"https:\/\/www.crmath.ca\/en\/wp-json\/wp\/v2\/media?parent=21235"}],"wp:term":[{"taxonomy":"category","embeddable":true,"href":"https:\/\/www.crmath.ca\/en\/wp-json\/wp\/v2\/categories?post=21235"},{"taxonomy":"post_tag","embeddable":true,"href":"https:\/\/www.crmath.ca\/en\/wp-json\/wp\/v2\/tags?post=21235"}],"curies":[{"name":"wp","href":"https:\/\/api.w.org\/{rel}","templated":true}]}}